{"id":6852,"date":"2023-06-09T16:51:14","date_gmt":"2023-06-09T13:51:14","guid":{"rendered":"https:\/\/beta.cla.com.tr\/?p=6852"},"modified":"2023-12-06T10:15:43","modified_gmt":"2023-12-06T07:15:43","slug":"rekabet-hukuku-egitimi","status":"publish","type":"post","link":"https:\/\/cla.com.tr\/index.php\/2023\/06\/09\/rekabet-hukuku-egitimi\/","title":{"rendered":"REKABET HUKUKU E\u011e\u0130T\u0130M\u0130"},"content":{"rendered":"<p>[vc_row][vc_column width=&#8221;4\/6&#8243;][vc_single_image image=&#8221;6866&#8243; img_size=&#8221;large&#8221; el_class=&#8221;weew&#8221;][\/vc_column][vc_column width=&#8221;2\/6&#8243; el_class=&#8221;qq&#8221;][vc_column_text css=&#8221;.vc_custom_1701781554992{margin-top: 15px !important;}&#8221;]<\/p>\n<h5>E\u011fitim Program\u0131 \u0130\u00e7in Talep Olu\u015ftur<\/h5>\n<h5 class=\"LC20lb MBeuO DKV0Md\">\ud83d\udfe2 <strong>ONLINE \u0130NTERAKT\u0130F<\/strong><\/h5>\n<p>[\/vc_column_text][vc_btn title=&#8221;KAYIT FORMU&#8221; style=&#8221;3d&#8221; color=&#8221;black&#8221; size=&#8221;lg&#8221; align=&#8221;center&#8221; i_icon_fontawesome=&#8221;fa fa-pen&#8221; button_block=&#8221;true&#8221; add_icon=&#8221;true&#8221; css=&#8221;.vc_custom_1697462795162{margin-top: 10px !important;}&#8221; link=&#8221;url:%2Findex.php%2Fon-kayit-formu%2F&#8221;][vc_separator color=&#8221;blue&#8221; style=&#8221;shadow&#8221; el_width=&#8221;80&#8243; css_animation=&#8221;fadeInLeft&#8221;][vc_column_text]<\/p>\n<h5 style=\"text-align: left;\"><strong><b>\u260e <\/b>\u00a0<a href=\"tel:0(312) 465 01 79\" target=\"_blank\" rel=\"noopener\">0(312) 465 01 79<\/a><\/strong><\/h5>\n<h5 style=\"text-align: left;\"><strong><img loading=\"lazy\" decoding=\"async\" class=\"\" src=\"https:\/\/cdnjs.cloudflare.com\/ajax\/libs\/twemoji\/14.0.0\/72x72\/1f4e9.png\" width=\"15\" height=\"15\" \/>\u00a0 E-posta :<\/strong><strong> info@cla.com.tr<\/strong><\/h5>\n<p>[\/vc_column_text][\/vc_column][\/vc_row][vc_row][vc_column][vc_tta_tabs][vc_tta_section title=&#8221;A\u00e7\u0131klama&#8221; tab_id=&#8221;1682599955335-66071abb-8681&#8243;][vc_column_text]<\/p>\n<p style=\"text-align: justify;\">Rekabet Hukuku; mal ve hizmet piyasalar\u0131ndaki dengesizli\u011fin engelleme; dengeyi bozan veya k\u0131s\u0131tlayan anla\u015fma, karar ve uygulamalar\u0131n \u00f6n\u00fcne ge\u00e7me; piyasaya h\u00e2kim olan te\u015febb\u00fcslerin bunu k\u00f6t\u00fcye kullanmamalar\u0131n\u0131 \u00f6nlemeye, bunun i\u00e7in gerekli d\u00fczenleme ve denetlemeleri yapmak suretiyle haks\u0131z rekabeti engelleme amac\u0131 ta\u015f\u0131yan hukuk dal\u0131d\u0131r.S\u00f6zle\u015fme \u00f6zg\u00fcrl\u00fc\u011f\u00fc ve serbestisi ilkeleri \u00e7er\u00e7evesinde hukuka uygun gibi g\u00f6r\u00fcnen i\u015flem veya eylemler\u00a0rekabet hukukuna ayk\u0131r\u0131l\u0131k te\u015fkil edebilmektedir.\u015eirketler iyi niyet \u00e7er\u00e7evesi i\u00e7erisinde yapm\u0131\u015f oldu\u011fu i\u015flemler nedeniyle, kurallara ayk\u0131r\u0131l\u0131k nedeniyle rekabet soru\u015fturmas\u0131na ve y\u00fcksek miktarda para cezas\u0131na maruz kalabilmektedirler.Bu sebeple rekabet\u00a0hukuku\u00a0kurallar\u0131n\u0131n ve yasaklanan faaliyetler konusunda rekabet hukuku alan\u0131nda \u00e7al\u0131\u015fan t\u00fcm \u015firket y\u00f6neticileri ve personellerinin bilgilendirilmesi gerekmekte olup, \u015firket \u00e7al\u0131\u015fanlar\u0131n\u0131n bu s\u00fcre\u00e7te gerekli donan\u0131ma sahip olmalar\u0131 \u00f6nem arz etmektedir.CLA Academy olarak d\u00fczenledi\u011fimiz Rekabet Hukuku E\u011fitimi; rekabet hukukunun temel alanlar\u0131n\u0131n, rekabet ihlaline ili\u015fkin i\u015flemlerin, ihlale sebep olunmamas\u0131 i\u00e7in dikkat edilmesi gerekli hususlar\u0131n ve yerine getirilmesi gerekli olan sorumluluklar\u0131n ele al\u0131nd\u0131\u011f\u0131, kat\u0131l\u0131mc\u0131lar\u0131n t\u00fcm bu hususlarda yeterli d\u00fczeye ula\u015fmalar\u0131n\u0131n ama\u00e7land\u0131\u011f\u0131 bir programd\u0131r.<\/p>\n<p>[\/vc_column_text][\/vc_tta_section][vc_tta_section title=&#8221;E\u011fitim i\u00e7eri\u011fi&#8221; tab_id=&#8221;1682599955335-6b941f23-3450&#8243;][vc_column_text]<\/p>\n<p style=\"text-align: justify;\"><strong>ENERJ\u0130 HUKUKU E\u011e\u0130T\u0130M PROGRAMI<\/strong><br \/>\nEnerji Hukukuna Giri\u015f<br \/>\nGenel olarak Enerji Hukuku<br \/>\nEnerji Hukuku ve Reg\u00fclasyon<br \/>\nEnerjinin S\u0131n\u0131fland\u0131r\u0131lmas\u0131<br \/>\nEnerji Hukuku Akt\u00f6rleri, D\u00fczenleyici Kurumlar ve EPDK<br \/>\nUlusal ve Uluslararas\u0131 Enerji \u00dcretim ve Talepleri<\/p>\n<p style=\"text-align: justify;\"><strong>Elektrik Piyasas\u0131<\/strong><br \/>\nElektrik Piyasas\u0131 Teknik Kavramlar<br \/>\nElektrik Piyasas\u0131 Faaliyetleri<br \/>\nFaaliyetlerin Hukuki \u00c7er\u00e7evesi<br \/>\nElektrik Piyasas\u0131 Lisanslama S\u00fcre\u00e7leri<br \/>\nLisanss\u0131z \u00dcretim<br \/>\nYenilenebilir Enerji Kanunu ve YEKDEM Mekanizmas\u0131<br \/>\nHibrit Enerji<\/p>\n<p style=\"text-align: justify;\"><strong>T\u00fcrkiye S\u0131v\u0131la\u015ft\u0131r\u0131lm\u0131\u015f Petrol Gazlar\u0131 (LPG) Piyasas\u0131<\/strong><br \/>\nLPG Piyasas\u0131na Giri\u015f<br \/>\nLPG Piyasas\u0131 Faaliyetleri<br \/>\nFaaliyetlerin Hukuki \u00c7er\u00e7evesi<br \/>\nLPG Piyasas\u0131 Lisanslama S\u00fcre\u00e7leri<br \/>\nLPG Piyasas\u0131 Akt\u00f6rleri<br \/>\nLPG Piyasas\u0131 S\u00f6zle\u015fmeleri<\/p>\n<p style=\"text-align: justify;\"><strong>Petrol Piyasas\u0131<\/strong><br \/>\nPetrol Piyasas\u0131na Giri\u015f<br \/>\nPetrol Piyasas\u0131 Faaliyetleri<br \/>\nFaaliyetlerin Hukuki \u00c7er\u00e7evesi<br \/>\nPetrol Piyasas\u0131 Lisanslama S\u00fcre\u00e7leri<br \/>\nPetrol Piyasas\u0131 Akt\u00f6rleri<br \/>\nPetrol Piyasas\u0131 S\u00f6zle\u015fmeleri<\/p>\n<p style=\"text-align: justify;\"><strong>Do\u011falgaz Piyasas\u0131<\/strong><br \/>\nDo\u011falgaz Piyasas\u0131na Giri\u015f<br \/>\nDo\u011falgaz Piyasas\u0131 Faaliyetleri<br \/>\nFaaliyetlerin Hukuki \u00c7er\u00e7evesi<br \/>\nDo\u011falgaz Piyasas\u0131 Lisanslama S\u00fcre\u00e7leri<br \/>\nDo\u011falgaz Piyasas\u0131 Akt\u00f6rleri<br \/>\nDo\u011falgaz Piyasas\u0131 S\u00f6zle\u015fmeleri<\/p>\n<p style=\"text-align: justify;\"><strong>Enerji Piyasalar\u0131nda Ulusal ve Uluslararas\u0131 Uyu\u015fmazl\u0131k \u00c7\u00f6z\u00fcm Mekanizmalar\u0131 ve Yarg\u0131 Kararlar\u0131<\/strong><br \/>\nUluslararas\u0131 Enerji Yat\u0131r\u0131mlar\u0131ndan Kaynaklanan Uyu\u015fmazl\u0131klar<br \/>\nUluslararas\u0131 S\u00f6zle\u015fmeler<br \/>\nUluslararas\u0131 tahkim mekanizmalar\u0131<br \/>\nUygulanacak Hukuk ve Hakem Kararlar\u0131n\u0131n Ba\u011flay\u0131c\u0131l\u0131\u011f\u0131<br \/>\nT\u00fcrk Yarg\u0131 Kararlar\u0131n\u0131n incelenmesi<\/p>\n<p style=\"text-align: justify;\"><strong>Enerji Piyasalar\u0131 ve Rekabet Hukuku<\/strong><br \/>\nRekabet Kanunu\u2019ndaki Temel H\u00fck\u00fcmler<br \/>\nElektrik Piyasas\u0131n\u0131n Rekabet Hukuku A\u00e7\u0131s\u0131ndan \u0130ncelenmesi<br \/>\nPetrol Piyasas\u0131n\u0131n Rekabet Hukuku A\u00e7\u0131s\u0131ndan \u0130ncelenmesi<br \/>\nDo\u011fal Gaz Piyasas\u0131n\u0131n Rekabet Hukuku A\u00e7\u0131s\u0131ndan \u0130ncelenmesi<br \/>\nS\u0131v\u0131la\u015ft\u0131r\u0131lm\u0131\u015f Petrol Gazlar\u0131 (LPG) Piyasas\u0131n\u0131n Rekabet Hukuku A\u00e7\u0131s\u0131ndan \u0130ncelenmesi<br \/>\nRekabet Sorunlar\u0131 ve Al\u0131nan \u00d6nlemler<br \/>\nRekabet Kurumu ve EPDK Aras\u0131 Yetki Sorunu<\/p>\n<p style=\"text-align: justify;\"><strong>\u00c7evre Hukuku ve Enerji Verimlili\u011fi Mevzuat\u0131<\/strong><br \/>\n\u00c7evre Hukuku T\u00fcrk Hukuku Mevzuat\u0131<br \/>\nUluslararas\u0131 anla\u015fmalar<br \/>\n\u00c7evre \u0130hlalinde idari yat\u0131r\u0131mlar<br \/>\nEnerji \u00dcretiminin \u00c7evreye etkileri<br \/>\n\u00c7evresel Etki De\u011ferlendirme (\u00c7ED) Belgesi s\u00fcreci<br \/>\nYe\u015fil Mutabakat<br \/>\nEnerji Verimli\u011fi Mevzuat\u0131<br \/>\nEnerji Performans S\u00f6zle\u015fmeleri<\/p>\n<p style=\"text-align: justify;\"><strong>Elektrik Piyasas\u0131 S\u00f6zle\u015fmeleri<\/strong><br \/>\nElektrik Piyasas\u0131 S\u00f6zle\u015fmelerine Genel Bak\u0131\u015f<br \/>\nElektrik Piyasas\u0131 S\u00f6zle\u015fmelerinin Hukuki Niteli\u011fi<br \/>\nElektrik Piyasas\u0131 S\u00f6zle\u015fmelerinin S\u0131n\u0131fland\u0131r\u0131lmas\u0131<br \/>\nToptan Sat\u0131\u015f Seviyesindeki S\u00f6zle\u015fmeler<br \/>\nEFET S\u00f6zle\u015fmesi<br \/>\nElektrik Tedarik S\u00f6zle\u015fmeleri ve Unsurlar\u0131<br \/>\nPerakende Sat\u0131\u015fa<\/p>\n<ul style=\"text-align: justify;\">\n<li>Rekabet Hukukuna Giri\u015f ve Temel Kavramlar<\/li>\n<li>Rekabet Kurumuna Ba\u015fvuru, Kurumun \u0130nceleme ve Soru\u015fturma Usul ve Esaslar\u0131<\/li>\n<li>Yatay ve Dikey Anla\u015fmalar<\/li>\n<li>Hakim Durumun K\u00f6t\u00fcye Kullan\u0131lmas\u0131 Yasa\u011f\u0131\n<ul>\n<li>D\u0131\u015flay\u0131c\u0131 K\u00f6t\u00fcye Kullanma, Mal vermeyi reddetme<\/li>\n<li>Tekelci Fiyatland\u0131rma ve Y\u0131k\u0131c\u0131 Fiyatland\u0131rma<\/li>\n<li>Ayr\u0131mc\u0131 Uygulamalar<\/li>\n<li>Ba\u011flama Yasa\u011f\u0131<\/li>\n<\/ul>\n<\/li>\n<li>Teknoloji Alan\u0131nda Rekabet Hukuku Uygulamas\u0131<\/li>\n<li>Rekabet Kurulu Kararlar\u0131n\u0131n Yarg\u0131sal Denetimi<\/li>\n<li>\u0130thalatta Haks\u0131z Rekabet ve Antidamping<\/li>\n<li>D\u00fczenlenen Piyasalarda Rekabet: Telekom ve Enerji Piyasalar\u0131<\/li>\n<li>Rekabetin Korunmas\u0131 Hakk\u0131nda Kanunun \u0130hlalinin \u00a0\u00d6zel Hukuk Alan\u0131nda Sonu\u00e7lar\u0131<\/li>\n<\/ul>\n<p style=\"text-align: justify;\">*<strong>CLA Academy program i\u00e7erik ve saatlerinde de\u011fi\u015fiklik yapabilir.<\/strong><\/p>\n<p style=\"text-align: justify;\">s\u00f6zle\u015fmesi<br \/>\nSerbest Tedarik S\u00f6zle\u015fmeleri<br \/>\nProje Finansman\u0131 ve Anahtar Teslim \u0130n\u015faat (EPC) S\u00f6zle\u015fmeleri<br \/>\nUyu\u015fmazl\u0131k \u00d6rnekleri<br \/>\n<span style=\"color: red;\"><br \/>\n<strong>*CLA Academy program i\u00e7erik ve saatlerinde de\u011fi\u015fiklik yapabilir.<\/strong><\/span>[\/vc_column_text][\/vc_tta_section][vc_tta_section title=&#8221;E\u011e\u0130TMEN&#8221; tab_id=&#8221;1682599996999-d3602828-f6d8&#8243;][vc_row_inner][vc_column_inner width=&#8221;1\/4&#8243;][vc_single_image image=&#8221;5815&#8243; img_size=&#8221;full&#8221; alignment=&#8221;center&#8221;][\/vc_column_inner][vc_column_inner width=&#8221;3\/4&#8243;][vc_column_text]<\/p>\n<h3 style=\"text-align: justify;\">Av. \u00c7i\u011fdem D\u0130LEK<\/h3>\n<p style=\"text-align: justify;\">\u0130stanbul \u00dcniversitesi Hukuk Fak\u00fcltesi\u2019nden mezun olan \u00c7i\u011fdem Dilek, Y\u00fcksek Lisans\u0131n\u0131 Ba\u015fkent \u00dcniversitesi\u2019nde Ekonomi Hukuku alan\u0131nda tamamlam\u0131\u015ft\u0131r. Ayr\u0131ca London School of Economics\u2019te 1 y\u0131l Avrupa Birli\u011fi Hukuku e\u011fitimi ald\u0131.<\/p>\n<p style=\"text-align: justify;\">Avukatl\u0131k mesle\u011fine ba\u015flad\u0131\u011f\u0131 andan itibaren \u00f6zel hukuk alan\u0131nda \u00e7al\u0131\u015fan \u00c7i\u011fdem Dilek, \u00f6zellikle enerji hukuku, ticaret hukuku, bor\u00e7lar hukuku, marka ve patent hukuku, in\u015faat hukuku, idare hukuku konular\u0131nda \u00e7al\u0131\u015fmalar\u0131n\u0131 s\u00fcrd\u00fcrmektedir. \u0130leri d\u00fczeyde \u0130ngilizce bilen \u00c7i\u011fdem Dilek, kamu kurumlar\u0131n\u0131n yan\u0131 s\u0131ra bir\u00e7ok yerli ve yabanc\u0131 \u015firketi temsil etmi\u015ftir.\u00c7i\u011fdem Dilek, Ankara Barosu Enerji Hukuku Komisyonu\u2019nun kurucu ba\u015fkan\u0131d\u0131r. Halen Global Energy Association\u2019da \u0130cra Kurulu Ba\u015fkan\u0131 olarak g\u00f6rev yapmaktad\u0131r. Ayr\u0131ca son 13 y\u0131ld\u0131r T\u00fcrkiye\u2019nin en b\u00fcy\u00fck enerji kongresi olan EIF Uluslararas\u0131 Enerji Kongresi ve Fuar\u0131\u2019nda \u0130cra Kurulu Ba\u015fkan\u0131 olarak g\u00f6rev yapt\u0131. Bu kongre kapsam\u0131nda d\u00fczenlenen enerji hukuku oturumlar\u0131nda ders vermi\u015ftir. \u00c7i\u011fdem Dilek halen Ankara \u00c7ankaya\u2019daki ofisinde mesle\u011fini yapmaktad\u0131r.<\/p>\n<p>[\/vc_column_text][\/vc_column_inner][\/vc_row_inner][vc_row_inner][vc_column_inner width=&#8221;1\/4&#8243;][vc_single_image image=&#8221;6928&#8243; img_size=&#8221;large&#8221; alignment=&#8221;center&#8221;][\/vc_column_inner][vc_column_inner width=&#8221;3\/4&#8243;][vc_column_text]<\/p>\n<h3 style=\"text-align: justify;\">Av. Mehmet Suat KAYIK\u00c7I<\/h3>\n<p style=\"text-align: justify;\">Mehmet Suat Kay\u0131k\u00e7\u0131, 2001 y\u0131l\u0131nda Ankara \u00dcniversitesi Hukuk Fak\u00fcltesinden mezun olmu\u015ftur. Daha sonra 2011 y\u0131l\u0131nda Queen Mary, University of London\u2019da \u00c7evre ve Enerji Hukuku alan\u0131nda y\u00fcksek lisans yapm\u0131\u015ft\u0131r.<br \/>\nAvukatl\u0131k staj\u0131n\u0131 Ankara Barosunda tamamlad\u0131ktan sonra \u00c7evre Bakanl\u0131\u011f\u0131 Hukuk M\u00fc\u015favirli\u011finde uzman yard\u0131mc\u0131s\u0131 olarak \u00e7al\u0131\u015fma hayat\u0131na ba\u015flayan Kay\u0131k\u00e7\u0131, Eyl\u00fcl 2004\u2019te Enerji Piyasas\u0131 D\u00fczenleme Kurumu\u2019nda uzman yard\u0131mc\u0131s\u0131, Ocak 2008\u2019de de Enerji Uzman\u0131 olarak atanm\u0131\u015ft\u0131r. Enerji Piyasas\u0131 D\u00fczenleme Kurumu\u2019ndan 2014 y\u0131l\u0131nda ayr\u0131lan Kay\u0131k\u00e7\u0131 kariyerine serbest avukat olarak devam etmek \u00fczere LBF Partners Avukatl\u0131k ve Dan\u0131\u015fmanl\u0131k B\u00fcrosunun kurucu ortaklar\u0131 aras\u0131nda yer alm\u0131\u015ft\u0131r.<br \/>\nEnerji hukuku alan\u0131ndaki \u00f6nde gelen sertifika programlar\u0131 ba\u015fta olmak \u00fczere bir\u00e7ok platformda e\u011fitmen ve konu\u015fmac\u0131 olarak da sunumlar yapan Kay\u0131k\u00e7\u0131\u2019n\u0131n Petrol Piyasas\u0131 Hukuku isimli bir kitab\u0131, enerji alan\u0131ndaki \u00e7e\u015fitli dergilerde yay\u0131mlanm\u0131\u015f makaleleri ve de\u011ferlendirme yaz\u0131lar\u0131 bulunmaktad\u0131r.<\/p>\n<p style=\"text-align: justify;\">Kay\u0131k\u00e7\u0131, \u0130ngilizceyi ak\u0131c\u0131 olarak ve akademik d\u00fczeyde kullanmaktad\u0131r.<\/p>\n<p>[\/vc_column_text][\/vc_column_inner][\/vc_row_inner][vc_row_inner][vc_column_inner width=&#8221;1\/4&#8243;][vc_single_image image=&#8221;6917&#8243; img_size=&#8221;large&#8221; alignment=&#8221;center&#8221;][\/vc_column_inner][vc_column_inner width=&#8221;3\/4&#8243;][vc_column_text]<\/p>\n<h3 style=\"text-align: justify;\">Dr. Dilhun AYAYDIN<\/h3>\n<p style=\"text-align: justify;\">\u00c7ankaya \u00dcniversitesi Hukuk Fak\u00fcltesinden 2004 y\u0131l\u0131nda mezun olduktan sonra, 2001-2003 y\u0131llar\u0131 aras\u0131nda stajyer olarak Birle\u015fmi\u015f Milletler, D\u00fcnya Sa\u011fl\u0131k \u00d6rg\u00fct\u00fc (WHO), Legal Office\u2019te \u00e7al\u0131\u015fm\u0131\u015ft\u0131r.2004-2005 y\u0131llar\u0131 aras\u0131nda Ankara Barosunda Avukatl\u0131k Staj\u0131n\u0131 tamamlam\u0131\u015f, 2008 y\u0131l\u0131nda Ankara \u00dcniversitesi Sosyal Bilimler Enstit\u00fcs\u00fc Kamu Hukuku B\u00f6l\u00fcm\u00fcnde (\u0130dare Hukuku Anabilim Dal\u0131 ) \u201cEnerji Piyasas\u0131 D\u00fczenleme Kurulu\u2019nun Denetim Ve Yapt\u0131r\u0131m Uygulama Yetkileri\u201d konulu teziyle y\u00fcksek lisans e\u011fitimini; 2014 y\u0131l\u0131nda Ankara \u00dcniversitesi Sosyal Bilimler Enstit\u00fcs\u00fc Kamu Hukuku B\u00f6l\u00fcm\u00fcnde (\u0130dare Hukuku Anabilim Dal\u0131) \u201cRadyo ve Televizyon \u00dcst Kurulu\u2019nun Kamu Yay\u0131nc\u0131l\u0131\u011f\u0131 Ve \u00d6zel Yay\u0131nc\u0131l\u0131k \u00dczerindeki Yetkileri(Yay\u0131na Haz\u0131rlanmakta)\u201d konulu teziyle de doktora e\u011fitimini tamamlayarak Dr. unvan\u0131n\u0131 alm\u0131\u015ft\u0131r. 2014 y\u0131l\u0131ndan itibaren \u00c7ankaya \u00dcniversitesi Hukuk Fak\u00fcltesi Kamu Hukuku B\u00f6l\u00fcm\u00fcnde (\u0130dare Hukuku) \u00d6\u011fretim G\u00f6revlisi olarak, 2020 y\u0131l\u0131nda ise Doktor \u00d6\u011fretim \u00dcyesi olarak atanm\u0131\u015ft\u0131r. 2016 Haziran \u2013 2017 Ekim tarihleri aras\u0131nda \u00c7ankaya \u00dcniversitesi Sosyal Bilimler Enstit\u00fcs\u00fc M\u00fcd\u00fcr Yard\u0131mc\u0131s\u0131 olarak g\u00f6rev yapm\u0131\u015f, 2019 Mart ay\u0131ndan itibaren\u00a0 \u00c7ankaya \u00dcniversitesi Genel Sekreterlik g\u00f6revini vekaleten, 2019 Eyl\u00fcl ay\u0131ndan itibaren Asaleten y\u00fcr\u00fctmektedir. \u00c7al\u0131\u015fma konular\u0131 \u0130dare Hukuku \u2013 \u0130dari Yarg\u0131lama Hukuku, Enerji Hukuku, \u0130dari Yapt\u0131r\u0131mlar (Ceza Hukuku ve \u0130dare Hukuku Kar\u015f\u0131la\u015ft\u0131rmal\u0131 \u00c7al\u0131\u015fmalar), Radyo ve Televizyon Yay\u0131nc\u0131l\u0131\u011f\u0131, Personel Hukukudur. 2 adet kitapta b\u00f6l\u00fcm yazarl\u0131\u011f\u0131 bulunmakta olup, 2 adet hakemli dergide yay\u0131nlanm\u0131\u015f makalesi de bulunmaktad\u0131r. Ayr\u0131ca Kick Boks Federasyonu Disiplin Kurulu Ba\u015fkan Vekili olarak g\u00f6rev yapmaktad\u0131r.<\/p>\n<p>[\/vc_column_text][\/vc_column_inner][\/vc_row_inner][vc_row_inner][vc_column_inner width=&#8221;1\/4&#8243;][vc_single_image image=&#8221;6929&#8243; img_size=&#8221;large&#8221; alignment=&#8221;center&#8221;][\/vc_column_inner][vc_column_inner width=&#8221;3\/4&#8243;][vc_column_text]<\/p>\n<h3 style=\"text-align: justify;\">Av. \u0130lker Fatih KIL<\/h3>\n<p style=\"text-align: justify;\">2002 y\u0131l\u0131nda Ankara \u00dcniversitesi Hukuk Fak\u00fcltesinden mezun olan \u0130lker Fatih K\u0131l, 2003 y\u0131l\u0131nda ayn\u0131 fak\u00fcltede idare hukuku y\u00fcksek lisans \u00e7al\u0131\u015fmalar\u0131na ba\u015flam\u0131\u015ft\u0131r. 2008 y\u0131l\u0131nda Michigan State University\u2019de Enerji ve Reg\u00fclasyon e\u011fitimini ba\u015far\u0131yla tamamlam\u0131\u015f olup daha sonra, 2013 y\u0131l\u0131nda Dickinson School of Law, Pennstate University\u2019de Uluslararas\u0131 Ticaret ve Enerji Hukuku alan\u0131nda y\u00fcksek lisans yapm\u0131s\u0327 ve halen Hacettepe \u00dcniversitesi Hukuk Fak\u00fcltesinde \u00f6zel hukuk alan\u0131nda doktora \u00e7al\u0131\u015fmalar\u0131n\u0131 devam ettirmektedir. \u015eubat 2006\u2019da Enerji Piyasas\u0131 D\u00fczenleme Kurumu\u2019nda \u00e7al\u0131\u015fmaya ba\u015flay\u0131p, Ocak 2009 y\u0131l\u0131nda \u201cT\u00fcrk Akaryak\u0131t Piyasas\u0131nda Da\u011f\u0131t\u0131m \u015eirketleri ile Bayiler Aras\u0131nda Uygulanan Tek Elden Sat\u0131n Alma S\u00f6zle\u015fmeleri,\u201d bas\u0327l\u0131kl\u0131 uzmanl\u0131k tezini haz\u0131rlayarak Enerji Uzman\u0131 olmu\u015ftur. Enerji hukukunda idari yapt\u0131r\u0131mlar, enerji hukuku s\u00f6zle\u015fmeleri ile rekabet ve reg\u00fclasyon hukuku konular\u0131nda \u00e7al\u0131\u015fmalar\u0131n\u0131 yo\u011funla\u015ft\u0131ran, enerji hukuku alan\u0131nda hakemli dergilerde yay\u0131mlanm\u0131\u015f makaleleri ve \u00e7ok say\u0131da yaz\u0131s\u0131 bulunan \u0130lker Fatih KIL, enerji hukuku alan\u0131nda \u00e7e\u015fitli e\u011fitim programlar\u0131na e\u011fitici olarak katk\u0131 sa\u011flamaktad\u0131r.<\/p>\n<p>[\/vc_column_text][\/vc_column_inner][\/vc_row_inner][vc_row_inner][vc_column_inner width=&#8221;1\/4&#8243;][vc_single_image image=&#8221;6916&#8243; img_size=&#8221;large&#8221; alignment=&#8221;center&#8221;][\/vc_column_inner][vc_column_inner width=&#8221;3\/4&#8243;][vc_column_text]<\/p>\n<h3>Dr. Okan YARDIMCI<\/h3>\n<p>Dr. Yard\u0131mc\u0131, lisans e\u011fitimini ODT\u00dc Petrol ve Do\u011fal Gaz M\u00fchendisli\u011fi B\u00f6l\u00fcm\u00fcnde tamamlam\u0131\u015ft\u0131r. D\u00fczenleme ekonomisi alan\u0131nda uzmanl\u0131k e\u011fitimini Michigan State University (ABD)\u2019de, hukuk alan\u0131nda y\u00fcksek lisans e\u011fitimini Pennstate University (ABD)\u2019de tamamlayarak d\u00fczenleme ekonomisi, enerji hukuku ve uluslararas\u0131 hukuk alanlar\u0131nda uzmanla\u015fm\u0131\u015ft\u0131r. Finans alan\u0131ndaki doktora derecesini Hacettepe \u00dcniversitesinde d\u00fczenleme ekonomisi alan\u0131nda yazm\u0131\u015f oldu\u011fu tez ile alm\u0131\u015ft\u0131r.<br \/>\nMeslek hayat\u0131na uluslararas\u0131 bir petrol arama ve \u00fcretim \u015firketinde, rezervuar m\u00fchendisi olarak ba\u015flam\u0131\u015ft\u0131r. Akabinde EPDK\u2019da Enerji Uzman Yard\u0131mc\u0131s\u0131 olarak g\u00f6rev alm\u0131\u015f, petrol ve gaz fiyatlar\u0131 \u00fczerine yazm\u0131\u015f oldu\u011fu tez ile Enerji Uzmanl\u0131\u011f\u0131na atanm\u0131\u015ft\u0131r. ODT\u00dc, Bilkent \u00dcniversitesi, Hacettepe \u00dcniversitesi ile Cyprus International University (KKTC), Southwestern University of Finance and Economics (\u00c7in)\u2019de petrol m\u00fchendisli\u011fi, enerji hukuku, enerji ekonomisi gibi alanlarda \u00e7e\u015fitli lisans ve y\u00fcksek lisans dersleri; Energy Regulators Regional Association (Macaristan)\u2019da d\u00fczenleme ekonomisi alan\u0131nda e\u011fitimler vermi\u015ftir.<\/p>\n<p style=\"text-align: justify;\">2019 y\u0131l\u0131nda ba\u015flam\u0131\u015f oldu\u011fu, doktora sonras\u0131 akademik \u00e7al\u0131\u015fmalar\u0131na halen Oxford \u00dcniversitesinde devam etmektedir. Oxford \u00dcniversitesi St Antony\u2019s College\u2019da Do\u011fu Avrupa-T\u00fcrkiye enerji i\u015f birlikleri, do\u011fal gaz projeleri, Do\u011fu Akdeniz enerji kaynaklar\u0131n\u0131n payla\u015f\u0131m\u0131 konular\u0131 \u00fczerine \u00e7al\u0131\u015fmalar y\u00fcr\u00fctmektedir.<\/p>\n<p>[\/vc_column_text][\/vc_column_inner][\/vc_row_inner][vc_row_inner][vc_column_inner width=&#8221;1\/4&#8243;][vc_single_image image=&#8221;6915&#8243; img_size=&#8221;large&#8221; alignment=&#8221;center&#8221;][\/vc_column_inner][vc_column_inner width=&#8221;3\/4&#8243;][vc_column_text]<\/p>\n<h3 style=\"text-align: justify;\">Av. Hazar BA\u015eAR<\/h3>\n<p style=\"text-align: justify;\">2016 y\u0131l\u0131nda Bilkent \u00dcniversitesi Hukuk Fak\u00fcltesi\u2019nden mezun olan Av. Hazar Ba\u015far, ayn\u0131 y\u0131l Hollanda\u2019da Amsterdam \u00dcniversitesi b\u00fcnyesinde Avrupa Rekabet Hukuku ve Reg\u00fclasyon alan\u0131nda y\u00fcksek lisans program\u0131na ba\u015flam\u0131\u015ft\u0131r. Y\u00fcksek lisans tezini \u201cAvrupa Komisyonu\u2019nun Taahh\u00fct Kararlar\u0131n\u0131n Rekabet Hukuku \u0130hlallerinden Kaynaklanan Tazminat Davalar\u0131nda Delil Kayna\u011f\u0131 Olarak Kullan\u0131m\u0131\u201d \u00fczerine yazan Hazar Ba\u015far, 2017 y\u0131l\u0131ndan beri \u0130stanbul\u2019da yerli ve \u00e7ok uluslu \u015firketlere rekabet hukuku alan\u0131nda dan\u0131\u015fmanl\u0131k hizmeti sunmakta ve \u015firketleri Rekabet Kurumu nezdindeki t\u00fcm s\u00fcre\u00e7lerde temsil etmektedir. Rekabet hukukunun yan\u0131 s\u0131ra anayasa ve idare hukuku ile enerji hukuku, r\u00fc\u015fvet ve yolsuzlukla m\u00fccadele, su\u00e7 gelirlerinin aklanmas\u0131, \u015firket i\u00e7i soru\u015fturmalar, Amerikan yapt\u0131r\u0131m rejimi ve ihracat kontrolleri gibi uyum alanlar\u0131nda \u00e7al\u0131\u015fmalar\u0131n\u0131 yo\u011funla\u015ft\u0131ran Av. Hazar Ba\u015far, reg\u00fcle sekt\u00f6rlerde rekabet ile d\u00fczenleyici ve denetleyici kurumlar\u0131n g\u00f6rev ve yetki \u00e7at\u0131\u015fmalar\u0131 konular\u0131nda da akademik \u00e7al\u0131\u015fmalar\u0131n\u0131 s\u00fcrd\u00fcrmektedir.<\/p>\n<p>[\/vc_column_text][\/vc_column_inner][\/vc_row_inner][vc_row_inner][vc_column_inner width=&#8221;1\/4&#8243;][vc_single_image image=&#8221;6914&#8243; img_size=&#8221;large&#8221; alignment=&#8221;center&#8221;][\/vc_column_inner][vc_column_inner width=&#8221;3\/4&#8243;][vc_column_text]<\/p>\n<h3 style=\"text-align: justify;\"><strong>\u0130nan\u00e7 B\u0130L\u0130MGUT<\/strong><\/h3>\n<p style=\"text-align: justify;\">2000 y\u0131l\u0131nda ODT\u00dc Elektrik\/Elektronik M\u00fchendisli\u011fi B\u00f6l\u00fcm\u00fcnden mezun olan \u0130nan\u00e7 B\u0130L\u0130MGUT, 2003 y\u0131l\u0131nda d\u00f6nem itibar\u0131yla TE\u0130A\u015e b\u00fcnyesinde Piyasa Mali Uzla\u015ft\u0131rma Merkezi (PMUM)\u2019nde g\u00f6rev alarak enerji sekt\u00f6r\u00fcne girmi\u015ftir. PMUM b\u00fcnyesinde ger\u00e7ekle\u015ftirilen ilk dengeleme ve uzla\u015ft\u0131rma s\u00fcre\u00e7lerinin tasar\u0131m\u0131nda ve ilk Dengeleme ve Uzla\u015ft\u0131rma Y\u00f6netmeli\u011finin haz\u0131rlanmas\u0131 \u00e7al\u0131\u015fmalar\u0131nda aktif olarak yer alm\u0131\u015ft\u0131r.<\/p>\n<p style=\"text-align: justify;\">2004 y\u0131l\u0131nda EPDK b\u00fcnyesinde Elektrik Piyasas\u0131 Dairesi Ba\u015fkanl\u0131\u011f\u0131nda Uzman Yard\u0131mc\u0131s\u0131 olarak g\u00f6reve ba\u015flam\u0131\u015f, haz\u0131rlad\u0131\u011f\u0131 \u201dElektrik Piyasas\u0131nda Son Kaynak Tedari\u011fi\u201d konulu tez \u00e7al\u0131\u015fmas\u0131yla 2008 y\u0131l\u0131nda Uzman olarak atanm\u0131\u015ft\u0131r. EPDK b\u00fcnyesinde a\u011f\u0131rl\u0131kla piyasaya giri\u015f, \u015febekeye eri\u015fim ve yeni teknolojilere ili\u015fkin ikincil mevzuat\u0131n haz\u0131rlanmas\u0131\/g\u00fcncellenmesi ile piyasa izleme ve raporlama faaliyetlerinin tasarlanmas\u0131 ve s\u00fcrd\u00fcr\u00fclmesi \u00e7al\u0131\u015fmalar\u0131nda bulunmu\u015ftur.<\/p>\n<p style=\"text-align: justify;\">2011 y\u0131l\u0131nda kamu g\u00f6revinden ayr\u0131lan \u0130nan\u00e7 B\u0130L\u0130MGUT, RWE T\u00fcrkiye b\u00fcnyesinde d\u00fczenlemeler ve d\u00fczenleyici kurumlarla ili\u015fkilerden sorumlu m\u00fcd\u00fcr olarak g\u00f6reve ba\u015flam\u0131\u015ft\u0131r. RWE b\u00fcnyesinde g\u00f6rev ald\u0131\u011f\u0131 d\u00f6nem zarf\u0131nda grubun elektrik \u00fcretimi, ticareti, perakende sat\u0131\u015f\u0131 ile do\u011fal gaz ticareti alanlar\u0131nda faaliyetlerde bulunan \u015firketlerinde y\u00f6netici pozisyonlar\u0131nda \u00e7al\u0131\u015fm\u0131\u015ft\u0131r. Halihaz\u0131rda da yine RWE&amp;TURCAS ortakl\u0131\u011f\u0131 b\u00fcnyesindeki \u015firketlerde \u0130\u015f Geli\u015ftirme ve Kamu \u0130li\u015fkileri Direkt\u00f6r\u00fc ve YK \u00fcyesi olarak \u00e7al\u0131\u015fmaya devam etmektedir.<\/p>\n<p>[\/vc_column_text][\/vc_column_inner][\/vc_row_inner][vc_row_inner][vc_column_inner width=&#8221;1\/4&#8243;][vc_single_image image=&#8221;6913&#8243; img_size=&#8221;large&#8221; alignment=&#8221;center&#8221;][\/vc_column_inner][vc_column_inner width=&#8221;3\/4&#8243;][vc_column_text]<\/p>\n<h3 class=\"gdlr-core-text-box-item-content\" style=\"text-align: justify;\">\u00a0Av. Bahar \u00dcST\u00dcNDA\u011e<\/h3>\n<p class=\"gdlr-core-text-box-item-content\" style=\"text-align: justify;\">\u0130zmir Dokuz Eyl\u00fcl \u00dcniversitesi Hukuk Fak\u00fcltesi\u2019nden 2001 y\u0131l\u0131nda mezun olan Bahar \u00dcst\u00fcnda\u011f, 2007- 2008 y\u0131llar\u0131 aras\u0131nda The Ohio State University American Language School\u2019u derece ile bitirdikten sonra 2010 y\u0131l\u0131nda Gazi \u00dcniversitesi Hukuk Fak\u00fcltesi\u2019nde y\u00fcksek lisans\u0131n\u0131 tamamlam\u0131\u015ft\u0131r. Halihaz\u0131rda Gazi \u00dcniversitesi Sosyal Bilimler Enstit\u00fcs\u00fc \u00d6zel Hukuk Doktora Program\u0131n\u0131 tamamlamak \u00fczeredir. \u00c7al\u0131\u015fma hayat\u0131 boyunca s\u00f6zle\u015fme hukuku, \u015firketler hukuku, ticari i\u015fletme hukuku, petrol piyasas\u0131 hukuku, bor\u00e7lar hukuku alanlar\u0131n\u0131n yan\u0131 s\u0131ra, a\u011f\u0131rl\u0131kl\u0131 olarak elektrik ve do\u011falgaz piyasas\u0131 hukuku, rekabet hukuku, uluslararas\u0131 ticaret ve tahkim hukuku, s\u00f6zle\u015fme hukuku ve spor hukuku alanlar\u0131nda vekillik ve \u00f6nleyici hukuk veya uyu\u015fmazl\u0131\u011f\u0131n hukuki de\u011ferlendirilmesi kapsam\u0131nda hukuki dan\u0131\u015fmanl\u0131k hizmet vermektedir.<\/p>\n<p>[\/vc_column_text][\/vc_column_inner][\/vc_row_inner][vc_row_inner][vc_column_inner width=&#8221;1\/4&#8243;][vc_single_image image=&#8221;6930&#8243; img_size=&#8221;large&#8221; alignment=&#8221;center&#8221;][\/vc_column_inner][vc_column_inner width=&#8221;3\/4&#8243;][vc_column_text]<\/p>\n<h3 style=\"text-align: justify;\">Prof. Dr. \u015eaban KAYIHAN<\/h3>\n<p style=\"text-align: justify;\">\u015eaban KAYIHAN 1992 y\u0131l\u0131nda \u0130stanbul \u00dcniversitesi Hukuk Fak\u00fcltesi\u2019nden mezun olmu\u015f, 1993 y\u0131l\u0131nda o zamanki ad\u0131 ile Atat\u00fcrk \u00dcniversitesi Erzincan Hukuk Fak\u00fcltesi Deniz Ticareti ve Sigorta hukuku ABD.\u2019da ara\u015ft\u0131rma g\u00f6revlisi olarak akademik hayata ba\u015flam\u0131\u015f, Aral\u0131k 1998 yal\u0131nda da ayn\u0131 fak\u00fcltede yine ayn\u0131 ABD.\u2019da Yard.Do\u00e7. olarak atanm\u0131\u015f, 1999 y\u0131l\u0131nda ise Sakarya \u00dcniversitesi \u0130\u0130BF. \u0130\u015fletme B\u00f6l\u00fcm\u00fc Ticaret Hukuku ABD.\u2019na yine Yard. Do\u00e7. olarak atanm\u0131\u015ft\u0131r. 2002 y\u0131l\u0131nda dil ve do\u00e7entlik \u00e7al\u0131\u015fmas\u0131 i\u00e7in USA.\u2019da Rochester Instute of Technology\u2019de bulunmu\u015f, 2003-2006 y\u0131llar\u0131 aras\u0131nda da K\u0131rg\u0131zistan- T\u00fcrkiye Manas \u00dcniversitesi\u2019nde Y\u00d6K. m. 39\/sona g\u00f6re hukuk\u00e7u \u00f6\u011fretim \u00fcyesi olarak g\u00f6rev yapm\u0131\u015ft\u0131r. 2006 y\u0131l\u0131nda Ticaret Hukuku ABD.\u2019da do\u00e7ent, 2011 y\u0131l\u0131nda ayn\u0131 anabilim dal\u0131nda profes\u00f6r olarak atanan Sn. KAYIHAN alan\u0131nda tezler dahil otuz kitap, elliye yak\u0131n makale, ulusal ve uluslararas\u0131 tebli\u011f yazm\u0131\u015f ve sunmu\u015ftur. Y\u00fcksek okul m\u00fcd\u00fcrl\u00fc\u011f\u00fc, \u00e7e\u015fitli hukuk fak\u00fcltelerinde kurucu dekanl\u0131k yapan KAYIHAN\u2019\u0131n \u015fu anda kadrosu \u0130stanbul Medeniyet \u00dcniversitesi Hukuk Fak\u00fcltesi\u2019ndedir. Ancak Y\u00d6K. m. 16 ile Bolu Abant \u0130zzet Baysal \u00dcniversitesi Hukuk Fak\u00fcltesi\u2019ne kurucu dekan olarak atanm\u0131\u015f olup hala s\u00f6z\u00fc edilen \u00fcniversitede idari g\u00f6revine devam etmektedir.<\/p>\n<p>[\/vc_column_text][\/vc_column_inner][\/vc_row_inner][vc_row_inner][vc_column_inner width=&#8221;1\/4&#8243;][vc_single_image image=&#8221;6931&#8243; img_size=&#8221;large&#8221; alignment=&#8221;center&#8221;][\/vc_column_inner][vc_column_inner width=&#8221;3\/4&#8243;][vc_column_text]<\/p>\n<h3 style=\"text-align: justify;\">Yrd. Do\u00e7. Dr. Mehmet ESK\u0130<\/h3>\n<p style=\"text-align: justify;\">Mehmet Eski 1992 y\u0131l\u0131nda Dokuz Eyl\u00fcl \u00dcniversitesi Hukuk Fak\u00fcltesinden mezun olmu\u015f, 1997 y\u0131l\u0131nda da K\u00f6ln \u00dcniversitesinde \u00d6zel Hukuk alan\u0131nda Y\u00fcksek Lisans\u0131n\u0131 tamamlam\u0131\u015f, 2016 y\u0131l\u0131nda \u00f6zel hukuk alan\u0131nda Doktoras\u0131n\u0131 Ticaret \u00fcniversitesinde tamamlayarak akademik hayat\u0131na ba\u015flam\u0131\u015ft\u0131r. 2007-2008 y\u0131llar\u0131nda S\u00f6zle\u015fmeli \u00d6\u011fretim G\u00f6revlisi olarak Sakarya \u00dcniversitesinde g\u00f6rev alm\u0131\u015f, 2012-2013 y\u0131llar\u0131 aras\u0131nda yine ayn\u0131 unvanla Fatih Sultan Mehmet Vak\u0131f \u00dcniversitesi\u2019nde g\u00f6rev alm\u0131\u015ft\u0131r. 2016-2019 y\u0131llar\u0131 aras\u0131nda Yard\u0131mc\u0131 Do\u00e7ent olarak Hasan Kalyoncu \u00dcniversitesi Hukuk Fak\u00fcltesi\u2019nde g\u00f6rev alan Mehmet Eski, 2019 y\u0131l\u0131nda K\u0131br\u0131s Sosyal Bilimler \u00dcniversitesi\u2019nde Do\u00e7entlik kariyerine devam etmektedir. \u0130leri derecede Almanca bilen Mehmet Eski\u2019nin birden \u00e7ok yay\u0131nlanm\u0131\u015f eseri de bulunmaktad\u0131r.<\/p>\n<p>[\/vc_column_text][\/vc_column_inner][\/vc_row_inner][vc_row_inner][vc_column_inner width=&#8221;1\/4&#8243;][vc_single_image image=&#8221;6932&#8243; img_size=&#8221;large&#8221; alignment=&#8221;center&#8221;][\/vc_column_inner][vc_column_inner width=&#8221;3\/4&#8243;][vc_column_text]<\/p>\n<h3 style=\"text-align: justify;\">Dr. M. O\u011fuz K\u00d6KSAL<\/h3>\n<p style=\"text-align: justify;\">1966 Ankara do\u011fumludur. Ankara \u00dcniversitesi Siyasal Bilgiler Fak\u00fcltesi Uluslararas\u0131 \u0130li\u015fkiler B\u00f6l\u00fcm\u00fc\u2019nde Lisans e\u011fitimini bitirmi\u015f olup daha sonra Ba\u015fkent \u00dcniversitesi Sosyal Bilimler Enstit\u00fcs\u00fc Bankac\u0131l\u0131k ve Finans Y\u00fcksek Lisans ve ayn\u0131 \u00dcniversite\u2019de Muhasebe Finans Doktora programlar\u0131n\u0131 tamamlam\u0131\u015ft\u0131r. Mesleki kariyerine T. Halk Bankas\u0131nda Uzman Yard\u0131mc\u0131s\u0131 olarak ba\u015flam\u0131\u015f, daha sonra Ziraat Bankas\u0131nda gerek genel m\u00fcd\u00fcrl\u00fckte m\u00fcd\u00fcr yard\u0131mc\u0131s\u0131 ve daire ba\u015fkanl\u0131\u011f\u0131 gerekse \u015fubelerde \u015eube Y\u00f6neticili\u011fi g\u00f6revlerinde bulunarak emekli olmu\u015ftur. Halen Ba\u015fkent \u00dcniversitesi Uluslararas\u0131 Finans ve Bankac\u0131l\u0131k b\u00f6l\u00fcm\u00fcnde part time \u00f6\u011fretim g\u00f6revlisi olarak \u00e7al\u0131\u015fmaktad\u0131r. Bankac\u0131l\u0131k, sermaye piyasalar\u0131 ve di\u011fer finans konular\u0131nda e\u011fiticilik yapmakta olup bu konularda yay\u0131mlanm\u0131\u015f \u00e7e\u015fitli kitaplar\u0131 bulunmaktad\u0131r. Ayr\u0131ca, Sermaye Piyasas\u0131 1,2,3 ve T\u00fcrev Ara\u00e7lar Lisans\u0131na sahiptir.<\/p>\n<p>[\/vc_column_text][\/vc_column_inner][\/vc_row_inner][vc_row_inner][vc_column_inner width=&#8221;1\/4&#8243;][vc_single_image image=&#8221;6933&#8243; img_size=&#8221;large&#8221; alignment=&#8221;center&#8221;][\/vc_column_inner][vc_column_inner width=&#8221;3\/4&#8243;][vc_column_text]<\/p>\n<div class=\"gdlr-core-text-box-item gdlr-core-item-pdlr gdlr-core-item-pdb gdlr-core-left-align\">\n<h3 style=\"text-align: justify;\">Dr. Av. Y. Burak ASLANPINAR<\/h3>\n<\/div>\n<p style=\"text-align: justify;\">Dr. Y. Burak Aslanp\u0131nar, lisans e\u011fitimini Ankara \u00dcniversitesi Hukuk Faku\u0308ltesi\u2019nde, yu\u0308ksek lisans ve doktora e\u011fitimini Gazi \u00dcniversitesi Maliye (Mali Hukuk\/Vergi Hukuku) b\u00f6lu\u0308mu\u0308nde alm\u0131\u015ft\u0131r. Prof. Dr. \u015eu\u0308kru\u0308 KIZILOT dan\u0131\u015fmanl\u0131\u011f\u0131nda haz\u0131rlad\u0131\u011f\u0131 yu\u0308ksek lisans tezinin konusu \u201cGayrimenkullerin \u0130vazs\u0131z \u0130ntikallerinin Vergilendirilmesi\u201d, Prof. Dr. Selda AYDIN dan\u0131\u015fmanl\u0131\u011f\u0131nda haz\u0131rlad\u0131\u011f\u0131 ve g\u00fcncellenmi\u015f haliyle Se\u00e7kin Yay\u0131nevi\u2019nden kitap olarak bas\u0131lan doktora tezinin konusu ise \u201cVergi Ka\u00e7ak\u00e7\u0131l\u0131\u011f\u0131 Su\u00e7lar\u0131\u201d hakk\u0131ndad\u0131r. Avukatl\u0131k staj\u0131n\u0131 2007 y\u0131l\u0131nda tamamlay\u0131p ruhsatnamesini ald\u0131ktan k\u0131sa bir su\u0308re sonra \u201cK\u0131z\u0131lot Hukuk Bu\u0308rosu\u201dnda meslek hayat\u0131na ba\u015flam\u0131\u015f olup avukatl\u0131k faaliyetini kurucusu oldu\u011fu \u201cAslanp\u0131nar Hukuk Bu\u0308rosu\u201dnda devam ettirmektedir. Tu\u0308rkiye Barolar Birli\u011fi i\u00e7in haz\u0131rlad\u0131\u011f\u0131 \u201cTicari Uyu\u015fmazl\u0131klarda Dava \u015eart\u0131 Olan Arabuluculukta Taraf Vekilli\u011fi El Kitab\u0131\u201d bas\u0131l\u0131 ve dijital olarak barolara ve tu\u0308m Tu\u0308rkiye\u2019deki avukatlara g\u00f6nderilmi\u015ftir. \u00a0\u201cUzman Arabulucu\u201d olup \u015fu ana kadar bin civar\u0131nda dosyay\u0131 u\u0308stlendi\u011fi arabuluculuk faaliyetini kurucusu oldu\u011fu \u201c\u00c7ankaya Arabuluculuk Merkezi\u201dnde meslek hayat\u0131na devam ettirmektedir.<\/p>\n<p>[\/vc_column_text][\/vc_column_inner][\/vc_row_inner][vc_row_inner][vc_column_inner width=&#8221;1\/4&#8243;][vc_single_image image=&#8221;6934&#8243; img_size=&#8221;large&#8221; alignment=&#8221;center&#8221;][\/vc_column_inner][vc_column_inner width=&#8221;3\/4&#8243;][vc_column_text]<\/p>\n<div class=\"gdlr-core-text-box-item gdlr-core-item-pdlr gdlr-core-item-pdb gdlr-core-left-align\">\n<h3 style=\"text-align: justify;\">Prof. Dr. Adalet HAZAR<\/h3>\n<p style=\"text-align: justify;\">Adalet Hazar, 1981 y\u0131l\u0131nda Gazi \u00dcniversitesi Bankac\u0131l\u0131k ve Sigortac\u0131l\u0131k b\u00f6l\u00fcm\u00fcnden mezun olmu\u015f, 1996 y\u0131l\u0131nda yine ayn\u0131 okulda \u0130\u015fletme b\u00f6l\u00fcm\u00fcnden y\u00fcksek lisans\u0131n\u0131 tamamlam\u0131\u015ft\u0131r. Gazi \u00dcniversitesi Muhasebe ve Finans b\u00f6l\u00fcm\u00fcnde doktoras\u0131n\u0131 2009 y\u0131l\u0131nda tamamlayarak akademik kariyerine ba\u015flayan Adalet Hazar\u2019\u0131n, 20 adet yay\u0131mlanm\u0131\u015f kitab\u0131, 20\u2019nin \u00fczerinde say\u0131s\u0131z makalesi ve \u015eenol Babu\u015f\u00e7u ile birlikte ald\u0131\u011f\u0131 Best Paper International Conference on Economics \u00f6d\u00fcl\u00fc vard\u0131r. Prof. Dr. Adalet Hazar, Ba\u015fkent \u00dcniversitesinde kariyerine devam etmektedir.<\/p>\n<\/div>\n<p>[\/vc_column_text][\/vc_column_inner][\/vc_row_inner][vc_row_inner][vc_column_inner width=&#8221;1\/4&#8243;][vc_single_image image=&#8221;6935&#8243; img_size=&#8221;large&#8221; alignment=&#8221;center&#8221;][\/vc_column_inner][vc_column_inner width=&#8221;3\/4&#8243;][vc_column_text]<\/p>\n<div class=\"gdlr-core-text-box-item gdlr-core-item-pdlr gdlr-core-item-pdb gdlr-core-left-align\">\n<h3 style=\"text-align: justify;\">Dr. \u00d6\u011fr. \u00dcyesi Damla SONGUR<\/h3>\n<p style=\"text-align: justify;\">Dr. \u00d6\u011fr. \u00dcyesi Damla Songur, Antalya Anadolu Lisesi\u2019nden mezun olduktan sonra lisans e\u011fitimini 2005-2009 y\u0131llar\u0131nda Ankara \u00dcniversitesi Hukuk Fak\u00fcltesi\u2019nde tamamlam\u0131\u015ft\u0131r. Ard\u0131ndan Ankara \u00dcniversitesi Hukuk Fak\u00fcltesi\u2019nin \u00d6zel Hukuk B\u00f6l\u00fcm\u00fc\u2019nde \u201cAnonim \u015eirketlerde Pay Sahibinin Temsili\u201d ba\u015fl\u0131kl\u0131 \u00e7al\u0131\u015fmas\u0131 ile 2012 y\u0131l\u0131nda y\u00fcksek lisans derecesini ve \u201cAnonim \u015eirketlerde \u00d6nemli Miktarda Malvarl\u0131\u011f\u0131 \u00dczerinde \u0130\u015flemler\u201d ba\u015fl\u0131kl\u0131 \u00e7al\u0131\u015fmas\u0131yla da 2019 y\u0131l\u0131nda \u201cHukuk Doktoru\u201d unvan\u0131n\u0131 alm\u0131\u015ft\u0131r. Bu s\u00fcre\u00e7te avukatl\u0131k staj\u0131n\u0131 tamamlam\u0131\u015f; AB Erasmus Personel E\u011fitim ve Staj Hareketlili\u011fi program\u0131 kapsam\u0131nda 2013 y\u0131l\u0131nda B\u00fcdel Hukuk B\u00fcrosu, Frankfurt am Main\/Almanya ve 2017 y\u0131l\u0131nda Center for German and International Law of Financial Services at the University of Mainz\/Almanya\u2019da \u00e7al\u0131\u015fm\u0131\u015ft\u0131r. Ayr\u0131ca yine 2017 y\u0131l\u0131nda Institute of Foreign and International Private and Business Law- Heidelberg University, Heidelberg\/Almanya ve Institute for Law and Finance- Goethe University, Frankfurt am Main\/Almanya\u2019da ara\u015ft\u0131rmac\u0131 olarak bulunmu\u015ftur. 2011 y\u0131l\u0131ndan beri At\u0131l\u0131m \u00dcniversitesi Hukuk Fak\u00fcltesi \u00d6zel Hukuk\/Ticaret Hukuku Anabilim Dal\u0131nda g\u00f6rev yapmakta ve 2018 y\u0131l\u0131ndan beri Kad\u0131n Sorunlar\u0131 Ara\u015ft\u0131rma ve Uygulama Merkezi m\u00fcd\u00fcr yard\u0131mc\u0131l\u0131\u011f\u0131 g\u00f6revini y\u00fcr\u00fctmektedir.<\/p>\n<\/div>\n<p>[\/vc_column_text][\/vc_column_inner][\/vc_row_inner][vc_row_inner][vc_column_inner width=&#8221;1\/4&#8243;][vc_single_image image=&#8221;6936&#8243; img_size=&#8221;large&#8221; alignment=&#8221;center&#8221;][\/vc_column_inner][vc_column_inner width=&#8221;3\/4&#8243;][vc_column_text]<\/p>\n<div class=\"gdlr-core-text-box-item gdlr-core-item-pdlr gdlr-core-item-pdb gdlr-core-left-align\">\n<h3 style=\"text-align: justify;\">Do\u00e7. Dr. M. Ayhan TEK\u0130NSOY<\/h3>\n<p style=\"text-align: justify;\">M. Ayhan Tekinsoy, 1993 y\u0131l\u0131nda Ankara \u00dcniversitesi Hukuk Fak\u00fcltesi\u2019nden mezun oldu. 1994 y\u0131l\u0131nda Ankara \u00dcniversitesi\u2019nde ba\u015flad\u0131\u011f\u0131 Sosyal Bilimler Enstit\u00fcs\u00fc Kamu Hukuku Y\u00fcksek Lisans\u0131n\u0131 \u201cAnayasa mahkemesi kararlar\u0131 \u0131\u015f\u0131\u011f\u0131nda kanun h\u00fckm\u00fcnde kararnamenin hukuksal niteli\u011fi ve yetki yasalar\u0131\u201d ba\u015fl\u0131kl\u0131 teziyle 1996 y\u0131l\u0131nda tamamlam\u0131\u015ft\u0131r. Ayn\u0131 y\u0131l ayn\u0131 \u00fcniversitede ba\u015flad\u0131\u011f\u0131 doktoras\u0131n\u0131 \u201c\u0130dari s\u00f6zle\u015fme rejiminin temel \u00f6zellikleri\u201d ba\u015fl\u0131kl\u0131 teziyle 2002 y\u0131l\u0131nda tamamlayan Tekinsoy, Ankara \u00dcniversitesi Hukuk Fak\u00fcltesi \u0130dare Hukuku Anabilim Dal\u0131 \u00f6\u011fretim \u00fcyesidir.<\/p>\n<\/div>\n<p>[\/vc_column_text][\/vc_column_inner][\/vc_row_inner][vc_row_inner][vc_column_inner width=&#8221;1\/4&#8243;][vc_single_image image=&#8221;6937&#8243; img_size=&#8221;large&#8221; alignment=&#8221;center&#8221;][\/vc_column_inner][vc_column_inner width=&#8221;3\/4&#8243;][vc_column_text]<\/p>\n<div class=\"gdlr-core-text-box-item gdlr-core-item-pdlr gdlr-core-item-pdb gdlr-core-left-align\">\n<h3 style=\"text-align: justify;\">Av. Muhammet G\u00f6ksel AYDIN<\/h3>\n<p style=\"text-align: justify;\">Bilkent \u00dcniversitesi Hukuk Fak\u00fcltesi\u2019nden 2013 y\u0131l\u0131nda mezun olduktan sonra avukatl\u0131k staj\u0131n\u0131 Ankara Barosu\u2019nda tamamlam\u0131\u015ft\u0131r. Akabinde, \u00fc\u00e7 y\u0131l s\u00fcreyle Amerika Birle\u015fik Devletleri\u2019nde bulunmu\u015f ve Georgetown University Law Center\u2019da (Washington, D.C.) uluslararas\u0131 ticaret hukuku, uluslararas\u0131 yat\u0131r\u0131m hukuku ve uluslararas\u0131 tahkim hukuku yo\u011funluklu y\u00fcksek lisans \u00f6\u011frenimini tamamlam\u0131\u015ft\u0131r.<\/p>\n<p style=\"text-align: justify;\">Y\u00fcksek lisans e\u011fitimi s\u0131ras\u0131nda ve sonras\u0131nda bir y\u0131l s\u00fcre ile ABD merkezli bir hukuk b\u00fcrosunda \u00e7al\u0131\u015fm\u0131\u015f ve 2017 y\u0131l\u0131 itibari ile T\u00fcrkiye Petrolleri Anonim Ortakl\u0131\u011f\u0131 (TPAO) Hukuk M\u00fc\u015favirli\u011fi b\u00fcnyesinde \u00e7al\u0131\u015fmaya ba\u015flam\u0131\u015ft\u0131r.<\/p>\n<p style=\"text-align: justify;\">G\u00f6ksel Ayd\u0131n, \u00e7al\u0131\u015fma hayat\u0131 boyunca, muhtelif alanlarda verdi\u011fi hukuki dan\u0131\u015fmanl\u0131k ve tahkim alan\u0131ndaki \u00e7al\u0131\u015fmalar\u0131n\u0131n yan\u0131nda, ana u\u011fra\u015f alan\u0131 olarak petrol ve do\u011falgaz arama ve \u00fcretim sekt\u00f6r\u00fcn\u00fcn \u00e7e\u015fitli faz ve alanlar\u0131nda s\u00f6zle\u015fme haz\u0131rlama ve m\u00fczakere faaliyetlerinde bulunmu\u015ftur.<\/p>\n<\/div>\n<p>[\/vc_column_text][\/vc_column_inner][\/vc_row_inner][vc_row_inner][vc_column_inner width=&#8221;1\/4&#8243;][vc_single_image image=&#8221;6939&#8243; img_size=&#8221;large&#8221; alignment=&#8221;center&#8221;][\/vc_column_inner][vc_column_inner width=&#8221;3\/4&#8243;][vc_column_text]<\/p>\n<div class=\"gdlr-core-text-box-item gdlr-core-item-pdlr gdlr-core-item-pdb gdlr-core-left-align\">\n<h3 style=\"text-align: justify;\">Prof.Dr. Mustafa ERKAN<\/h3>\n<p style=\"text-align: justify;\">Ankara \u00dcniversitesi, Hukuk Fak\u00fcltesi mezunu olan Prof. Mustafa Erkan, 2003 y\u0131l\u0131nda University of Leicester\u2019da Uluslararas\u0131 Ticaret Hukukunda y\u00fcksek lisans\u0131n\u0131 tamamlam\u0131\u015f olup ard\u0131ndan 2009 y\u0131l\u0131nda University of Exeter\u2019de doktoras\u0131n\u0131 tamamlam\u0131\u015ft\u0131r.\u0130leri derecede \u0130ngilizce bilen ve \u00e7ok say\u0131da yay\u0131n\u0131 olan \u00a0Mustafa Erkan 2020 y\u0131l\u0131nda Profes\u00f6r unvan\u0131n\u0131 alm\u0131\u015ft\u0131r.Prof. Mustafa Erkan halen Marmara \u00dcniversitesi Hukuk Fak\u00fcltesinde milletleraras\u0131 tahkim, milletleraras\u0131 ticaret hukuku ve\u00a0 enerji hukuku dersleri vermektedir.<\/p>\n<\/div>\n<p>[\/vc_column_text][\/vc_column_inner][\/vc_row_inner][\/vc_tta_section][vc_tta_section title=&#8221;Genel Bilgilendirme&#8221; tab_id=&#8221;1682599999239-127d0aa0-7604&#8243;][vc_column_text]<\/p>\n<p style=\"text-align: justify;\">2 G\u00dcN boyunca Online\/interaktif ger\u00e7ekle\u015fecek programda kat\u0131l\u0131mc\u0131lara e\u011fitimden bir g\u00fcn \u00f6nce ba\u011flant\u0131 linki g\u00f6nderilecektir.<\/p>\n<p style=\"text-align: justify;\">\u00dccrete dahil hizmetler;<\/p>\n<p style=\"text-align: justify;\">\u00b7\u00a0\u00a0\u00a0\u00a0\u00a0\u00a0\u00a0\u00a0 Zoom \u00fczerinden ger\u00e7ekle\u015fen canl\u0131 e\u011fitimler kay\u0131t alt\u0131na al\u0131n\u0131r ve program sonunda kat\u0131l\u0131mc\u0131lar\u0131n \u00a0\u00a0s\u00fcreli eri\u015fimine \u201ce\u011fitim videosu\u201d olarak sunulur.<\/p>\n<p style=\"text-align: justify;\">\u00b7\u00a0\u00a0\u00a0\u00a0\u00a0\u00a0\u00a0\u00a0 E\u011fitmenlerin derslerde kulland\u0131klar\u0131 sunum ve materyaller kat\u0131l\u0131mc\u0131lara do\u011frudan ula\u015ft\u0131r\u0131l\u0131r.<\/p>\n<p style=\"text-align: justify;\">\u00b7\u00a0\u00a0\u00a0\u00a0\u00a0\u00a0\u00a0\u00a0 Program sonunda kat\u0131l\u0131mc\u0131lara QR kodlu kat\u0131l\u0131m sertifikas\u0131 verilmektedir.<\/p>\n<p style=\"text-align: justify;\">Kredi kart\u0131na taksit imkan\u0131 mevcuttur.<br \/>\nToplu kat\u0131l\u0131mlarda fiyatlarda indirim yap\u0131lmaktad\u0131r.<\/p>\n<p style=\"text-align: justify;\">E\u011fitim program\u0131, 20 ki\u015filik kontenjanla s\u0131n\u0131rl\u0131d\u0131r.<\/p>\n<p style=\"text-align: justify;\"><strong>**Firman\u0131za \u00f6zel olarak bu e\u011fitim i\u00e7eri\u011fini y\u00fcz y\u00fcze\/online ald\u0131rabilirsiniz.**<\/strong><\/p>\n<p>[\/vc_column_text][\/vc_tta_section][\/vc_tta_tabs][\/vc_column][\/vc_row]<\/p>\n","protected":false},"excerpt":{"rendered":"<p>[vc_row][vc_column width=&#8221;4\/6&#8243;][vc_single_image image=&#8221;6866&#8243; img_size=&#8221;large&#8221; el_class=&#8221;weew&#8221;][\/vc_column][vc_column width=&#8221;2\/6&#8243; el_class=&#8221;qq&#8221;][vc_column_text css=&#8221;.vc_custom_1701781554992{margin-top: 15px !important;}&#8221;] E\u011fitim Program\u0131 \u0130\u00e7in Talep Olu\u015ftur \ud83d\udfe2 ONLINE \u0130NTERAKT\u0130F [\/vc_column_text][vc_btn title=&#8221;KAYIT FORMU&#8221; style=&#8221;3d&#8221; color=&#8221;black&#8221; size=&#8221;lg&#8221; align=&#8221;center&#8221; i_icon_fontawesome=&#8221;fa fa-pen&#8221; button_block=&#8221;true&#8221; add_icon=&#8221;true&#8221; css=&#8221;.vc_custom_1697462795162{margin-top: 10px !important;}&#8221; link=&#8221;url:%2Findex.php%2Fon-kayit-formu%2F&#8221;][vc_separator color=&#8221;blue&#8221; style=&#8221;shadow&#8221; el_width=&#8221;80&#8243; css_animation=&#8221;fadeInLeft&#8221;][vc_column_text] \u260e \u00a00(312) 465 01 79 \u00a0 E-posta : info@cla.com.tr [\/vc_column_text][\/vc_column][\/vc_row][vc_row][vc_column][vc_tta_tabs][vc_tta_section title=&#8221;A\u00e7\u0131klama&#8221; tab_id=&#8221;1682599955335-66071abb-8681&#8243;][vc_column_text] Rekabet Hukuku; mal ve hizmet piyasalar\u0131ndaki [&hellip;]<\/p>\n","protected":false},"author":1,"featured_media":6866,"comment_status":"closed","ping_status":"closed","sticky":false,"template":"","format":"standard","meta":{"footnotes":""},"categories":[1],"tags":[],"class_list":["post-6852","post","type-post","status-publish","format-standard","has-post-thumbnail","hentry","category-genel"],"_links":{"self":[{"href":"https:\/\/cla.com.tr\/index.php\/wp-json\/wp\/v2\/posts\/6852","targetHints":{"allow":["GET"]}}],"collection":[{"href":"https:\/\/cla.com.tr\/index.php\/wp-json\/wp\/v2\/posts"}],"about":[{"href":"https:\/\/cla.com.tr\/index.php\/wp-json\/wp\/v2\/types\/post"}],"author":[{"embeddable":true,"href":"https:\/\/cla.com.tr\/index.php\/wp-json\/wp\/v2\/users\/1"}],"replies":[{"embeddable":true,"href":"https:\/\/cla.com.tr\/index.php\/wp-json\/wp\/v2\/comments?post=6852"}],"version-history":[{"count":14,"href":"https:\/\/cla.com.tr\/index.php\/wp-json\/wp\/v2\/posts\/6852\/revisions"}],"predecessor-version":[{"id":7255,"href":"https:\/\/cla.com.tr\/index.php\/wp-json\/wp\/v2\/posts\/6852\/revisions\/7255"}],"wp:featuredmedia":[{"embeddable":true,"href":"https:\/\/cla.com.tr\/index.php\/wp-json\/wp\/v2\/media\/6866"}],"wp:attachment":[{"href":"https:\/\/cla.com.tr\/index.php\/wp-json\/wp\/v2\/media?parent=6852"}],"wp:term":[{"taxonomy":"category","embeddable":true,"href":"https:\/\/cla.com.tr\/index.php\/wp-json\/wp\/v2\/categories?post=6852"},{"taxonomy":"post_tag","embeddable":true,"href":"https:\/\/cla.com.tr\/index.php\/wp-json\/wp\/v2\/tags?post=6852"}],"curies":[{"name":"wp","href":"https:\/\/api.w.org\/{rel}","templated":true}]}}